{"id":1421,"date":"2023-12-18T18:53:07","date_gmt":"2023-12-18T18:53:07","guid":{"rendered":"https:\/\/www.bestdoctorsinsurance.com\/?p=1421"},"modified":"2026-04-23T23:24:20","modified_gmt":"2026-04-23T23:24:20","slug":"melancolia-de-fin-de-ano-o-trastorno-afectivo-estacional","status":"publish","type":"post","link":"https:\/\/www.bestdoctorsinsurance.com\/es\/is-it-the-holiday-blues-or-seasonal-affective-disorder\/","title":{"rendered":"\u00bfMelancol\u00eda de fin de a\u00f1o o trastorno afectivo estacional?"},"content":{"rendered":"<div class=\"wp-block-columns is-layout-flex wp-container-core-columns-is-layout-28f84493 wp-block-columns-is-layout-flex\">\n<div class=\"wp-block-column is-layout-flow wp-block-column-is-layout-flow\" style=\"flex-basis:33.33%\">\n<figure class=\"wp-block-image size-full\"><img decoding=\"async\" width=\"255\" height=\"187\" src=\"https:\/\/www.bestdoctorsinsurance.com\/wp-content\/uploads\/2026\/03\/1.png\" alt=\"\" class=\"wp-image-1423\" srcset=\"https:\/\/www.bestdoctorsinsurance.com\/wp-content\/uploads\/2026\/03\/1.png 255w, https:\/\/www.bestdoctorsinsurance.com\/wp-content\/uploads\/2026\/03\/1-16x12.png 16w\" sizes=\"(max-width: 255px) 100vw, 255px\" \/><\/figure>\n<\/div>\n\n\n\n<div class=\"wp-block-column is-layout-flow wp-block-column-is-layout-flow\" style=\"flex-basis:66.66%\">\n<p class=\"has-text-color has-link-color wp-elements-be4261b997b1967a1fc14df69ab47f63\" style=\"color:#7a7a7a\">El trastorno afectivo estacional&nbsp;<strong>(TAE)<\/strong>es un tipo de depresi\u00f3n que sigue un patr\u00f3n estacional, el cual generalmente se manifiesta durante los meses de oto\u00f1o e invierno, cuando disminuyen las horas de luz solar. Tambi\u00e9n conocido como \u201cmelancol\u00eda invernal\u201d o \u201cdepresi\u00f3n invernal\u201d, el TAE se caracteriza por la aparici\u00f3n recurrente de s\u00edntomas depresivos que remiten en primavera y verano. Aunque es menos frecuente, algunas personas pueden experimentar TAE durante los meses m\u00e1s c\u00e1lidos.<\/p>\n<\/div>\n<\/div>\n\n\n\n<p class=\"has-text-color has-link-color wp-elements-a669e024ce7a833eea6e64e5637838ac\" style=\"color:#7a7a7a\">La causa exacta del TAE no se conoce del todo, pero se cree que est\u00e1 relacionada con los cambios en la exposici\u00f3n a la luz natural que se producen con las estaciones. Para muchos, es como cargar con su propia&nbsp;<strong>nube negra en la espalda.<\/strong>Una menor exposici\u00f3n a la luz solar puede alterar el funcionamiento del&nbsp;<strong>reloj biol\u00f3gico<\/strong>&nbsp;(ritmos circadianos) y provocar variaciones en los niveles de neurotransmisores clave, como la&nbsp;<strong>serotonina<\/strong>&nbsp;y&nbsp;<strong>melatonina<\/strong>las cuales que desempe\u00f1an un papel fundamental en la regulaci\u00f3n del estado de \u00e1nimo y los patrones del sue\u00f1o.<\/p>\n\n\n\n<h2 class=\"wp-block-heading has-text-color has-link-color wp-elements-8d56c69975251749f9ead825e77a27ca\" style=\"color:#7a7a7a\">\u00bfCu\u00e1les son los s\u00edntomas del trastorno afectivo estacional?<\/h2>\n\n\n\n<ul class=\"wp-block-list\">\n<li class=\"has-text-color has-link-color wp-elements-3536b2efb51e2a39c884f7ba377ecc63\" style=\"color:#7a7a7a\">Estado an\u00edmico persistentemente bajo<\/li>\n\n\n\n<li class=\"has-text-color has-link-color wp-elements-1a35d443f1c4319ac19ffdf700616e1d\" style=\"color:#7a7a7a\">P\u00e9rdida de inter\u00e9s o placer en actividades que anteriormente eran agradables<\/li>\n\n\n\n<li class=\"has-text-color has-link-color wp-elements-df0398c85c82a4fca8a6ddb357772703\" style=\"color:#7a7a7a\">Disminuci\u00f3n de la capacidad de concentraci\u00f3n<\/li>\n\n\n\n<li class=\"has-text-color has-link-color wp-elements-85becde0a8559d2c4d67d1a383211fdf\" style=\"color:#7a7a7a\">Irritabilidad y ansiedad<\/li>\n\n\n\n<li class=\"has-text-color has-link-color wp-elements-a0c26476d7af85192969a9cd3044449b\" style=\"color:#7a7a7a\">Dificultad para concentrarse<\/li>\n\n\n\n<li class=\"has-text-color has-link-color wp-elements-63d2f81d8bc691c2d7ad6df8394fd36b\" style=\"color:#7a7a7a\">Dificultad para dormir<\/li>\n\n\n\n<li class=\"has-text-color has-link-color wp-elements-a571c718d73509ec8d46967faef2ebe2\" style=\"color:#7a7a7a\">Fatiga o falta de energ\u00eda<\/li>\n\n\n\n<li class=\"has-text-color has-link-color wp-elements-38985fa50d28a3f84b4469cc046c62c6\" style=\"color:#7a7a7a\">Sentimientos de culpabilidad y desesperanza<\/li>\n\n\n\n<li class=\"has-text-color has-link-color wp-elements-5ca42bf70557ee9243ce2d743d0176bb\" style=\"color:#7a7a7a\">Alteraci\u00f3n del apetito y fluctuaciones de peso<\/li>\n<\/ul>\n\n\n\n<h2 class=\"wp-block-heading has-text-color has-link-color wp-elements-feaf9e9c4eb9e8d661c1212e4fafef09\" style=\"color:#7a7a7a\">\u00bfPor qu\u00e9 se produce el trastorno afectivo estacional?<\/h2>\n\n\n\n<p class=\"has-text-color has-link-color wp-elements-b4c150889ebfb2071cf5a8a2c1c182f2\" style=\"color:#7a7a7a\">La frecuencia del TAE var\u00eda en funci\u00f3n de la ubicaci\u00f3n geogr\u00e1fica y de una serie de factores que pueden aumentar la vulnerabilidad de ciertas personas a desarrollar este trastorno. Entre \u00e9stos se incluyen:<\/p>\n\n\n\n<ul class=\"wp-block-list\">\n<li class=\"has-text-color has-link-color wp-elements-cbe2b7d1810b95bc8b7dc1555bb1ba33\" style=\"color:#7a7a7a\"><strong>Edad:&nbsp;<\/strong>La probabilidad de padecer TAE disminuye con la edad, siendo la prevalencia m\u00e1s elevada entre individuos entre 18 y 30 a\u00f1os.<\/li>\n\n\n\n<li class=\"has-text-color has-link-color wp-elements-4ac485b41979404061df02adcf0851e9\" style=\"color:#7a7a7a\"><strong>G\u00e9nero:&nbsp;<\/strong>Las mujeres presentan una mayor propensi\u00f3n a padecer TAE que los hombres.<\/li>\n\n\n\n<li class=\"has-text-color has-link-color wp-elements-48dbc95315e633c1c464d9d685c257e5\" style=\"color:#7a7a7a\"><strong>Ubicaci\u00f3n:&nbsp;<\/strong>Las tasas de TAE son m\u00e1s marcadas en regiones con poca luz solar y noches de invierno m\u00e1s prolongadas. El riesgo aumenta a medida que uno se aleja de la l\u00ednea del ecuador.<\/li>\n\n\n\n<li class=\"has-text-color has-link-color wp-elements-d7f88bcd5dd049a053ffc14b8fea9a90\" style=\"color:#7a7a7a\"><strong>Antecedentes familiares:&nbsp;<\/strong>La gen\u00e9tica puede contribuir a desarrollar TAE. Las personas con antecedentes familiares de TAE u otros trastornos depresivos tienen un mayor riesgo de sufrir esta condici\u00f3n.<br><br><\/li>\n<\/ul>\n\n\n\n<div class=\"wp-block-columns is-layout-flex wp-container-core-columns-is-layout-28f84493 wp-block-columns-is-layout-flex\">\n<div class=\"wp-block-column is-layout-flow wp-block-column-is-layout-flow\">\n<h2 class=\"wp-block-heading has-text-color has-link-color wp-elements-b1d966e617c4745341a19634cd794fd7\" style=\"color:#7a7a7a\">\u00bfC\u00f3mo se diagnostica el TAE?<\/h2>\n\n\n\n<p class=\"has-text-color has-link-color wp-elements-06c9f8343817a63443ac6ef9c6b9447f\" style=\"color:#7a7a7a\">El diagn\u00f3stico del trastorno afectivo estacional requiere una evaluaci\u00f3n exhaustiva que incluya s\u00edntomas, historia cl\u00ednica y la exclusi\u00f3n de otras posibles causas de depresi\u00f3n. El cuestionario de evaluaci\u00f3n del patr\u00f3n estacional (Seasonal Pattern Assessment Questionnaire, SPAQ) es una herramienta de diagn\u00f3stico usada con frecuencia que eval\u00faa las fluctuaciones estacionales del estado de \u00e1nimo y del comportamiento. Para que se realice un diagn\u00f3stico de TAE, los episodios depresivos deben ocurrir en estaciones espec\u00edficas durante al menos dos a\u00f1os consecutivos.<\/p>\n<\/div>\n\n\n\n<div class=\"wp-block-column is-layout-flow wp-block-column-is-layout-flow\">\n<p class=\"has-text-color has-link-color wp-elements-ec486abe8a7f3a715e2abc1e4b0a3f63\" style=\"color:#7a7a7a\"><strong>Las dos facetas del TAE<\/strong><\/p>\n\n\n\n<p class=\"has-text-color has-link-color wp-elements-39cdda2d03db6a329fbfc9eea2a08d35\" style=\"color:#7a7a7a\"><strong>Manifestaci\u00f3n oto\u00f1al:<\/strong>A menudo denominada \u201cmelancol\u00eda de invierno\u201d, los s\u00edntomas suelen manifestarse a finales del oto\u00f1o o a principios del invierno, mostrando una tendencia a desaparecer durante los meses m\u00e1s c\u00e1lidos.<\/p>\n\n\n\n<p class=\"has-text-color has-link-color wp-elements-87ef4fd8f23ac58ebc5eaca9196d45cb\" style=\"color:#7a7a7a\"><strong>Manifestaci\u00f3n primaveral:<\/strong>Aunque el TAE suele asociarse con los meses de invierno, algunas personas pueden experimentar una forma de \u201cTAE inverso\u201d, tambi\u00e9n conocido como \u201cmelancol\u00eda de verano\u201d, cuyos s\u00edntomas aparecen durante las estaciones m\u00e1s templadas. Esta variante es menos frecuente, pero resalta la compleja relaci\u00f3n entre la exposici\u00f3n a la luz y la regulaci\u00f3n del estado de \u00e1nimo.<\/p>\n<\/div>\n<\/div>\n\n\n\n<h2 class=\"wp-block-heading has-text-color has-link-color wp-elements-4210bb826b04641c1aace7ad569f37e1\" style=\"color:#7a7a7a\"><br>Opciones de tratamiento<\/h2>\n\n\n\n<p class=\"has-text-color has-link-color wp-elements-a55799c528959467350f1e47c873f397\" style=\"color:#7a7a7a\">La fototerapia es un tratamiento eficaz y ampliamente reconocido para el TAE. Consiste en la exposici\u00f3n a una luz intensa que simula la luz solar, generalmente durante 20-60 minutos al d\u00eda. Se cree que la fototerapia ayuda a regular los ritmos circadianos y aumenta los niveles de serotonina, lo que puede aliviar los s\u00edntomas de la depresi\u00f3n. En los casos m\u00e1s severos, se puede recomendar psicoterapia o medicaci\u00f3n, como los inhibidores selectivos de la recaptaci\u00f3n de serotonina (ISRS).<\/p>\n\n\n\n<div class=\"wp-block-columns is-layout-flex wp-container-core-columns-is-layout-28f84493 wp-block-columns-is-layout-flex\">\n<div class=\"wp-block-column has-background is-layout-flow wp-block-column-is-layout-flow\" style=\"background-color:#3a8eb6\">\n<h2 class=\"wp-block-heading\"><strong>LO QUE DEBES SABER<\/strong><\/h2>\n\n\n\n<ul class=\"wp-block-list\">\n<li>Cuanto m\u00e1s al norte o al sur del ecuador, m\u00e1s com\u00fan es el TAE<\/li>\n\n\n\n<li>Curiosamente, el TAE no se da en los tr\u00f3picos<br>La estacionalidad de los s\u00edntomas facilita el diagn\u00f3stico<\/li>\n\n\n\n<li>El 90% de las personas con TAE experimentan s\u00edntomas depresivos durante el oto\u00f1o y el invierno.<\/li>\n\n\n\n<li>Solo un 10% sufre estos episodios durante la primavera y el verano<\/li>\n\n\n\n<li>Aproximadamente el 20% de las personas afectadas por el TAE padecen trastorno bipolar<\/li>\n\n\n\n<li>La ansiedad por consumir alimentos con alto contenido de carbohidratos y az\u00facar se desencadena por la disminuci\u00f3n de los niveles de serotonina, un neurotransmisor asociado con la regulaci\u00f3n del estado de \u00e1nimo y el apetito<\/li>\n<\/ul>\n<\/div>\n\n\n\n<div class=\"wp-block-column is-vertically-aligned-center is-layout-flow wp-block-column-is-layout-flow\">\n<p class=\"has-text-color has-link-color wp-elements-71f55d8f2ca0298bf59be66c7ea0403d\" style=\"color:#7a7a7a\">M\u00e1s all\u00e1 de estos tratamientos convencionales, las modificaciones del estilo de vida tambi\u00e9n pueden desempe\u00f1ar un papel importante para hacer frente al TAE. El ejercicio frecuente, especialmente las actividades al aire libre, la exposici\u00f3n a la luz natural para estimular la producci\u00f3n de vitamina D y mantener un horario de sue\u00f1o constante son componentes esenciales de un enfoque integral para aliviar los s\u00edntomas.<\/p>\n<\/div>\n<\/div>\n\n\n\n<h2 class=\"wp-block-heading has-text-color has-link-color wp-elements-8b25f64bbc24db484e0fdb03904b01ed\" style=\"color:#7a7a7a\">Conclusi\u00f3n<\/h2>\n\n\n\n<p class=\"has-text-color has-link-color wp-elements-5fe58063573cd22864b2f61bfdf7f339\" style=\"color:#7a7a7a\">El trastorno afectivo estacional es una forma recurrente de depresi\u00f3n vinculada a los cambios estacionales, que se produce con mayor frecuencia en los meses de oto\u00f1o e invierno. Debido a que afecta el estado de \u00e1nimo, los niveles de energ\u00eda y la rutina diaria, el TAE representa un problema significativo de salud mental que puede abordarse eficazmente mediante una combinaci\u00f3n de fototerapia, modificaciones en el estilo de vida y, en algunos casos, psicoterapia o medicaci\u00f3n. Aumentar la conciencia y fomentar la comprensi\u00f3n con respecto al TAE contribuyen a crear un entorno m\u00e1s propicio para quienes enfrentan los desaf\u00edos de esta afecci\u00f3n estacional.<\/p>\n\n\n\n<h2 class=\"wp-block-heading has-text-color has-link-color wp-elements-4767bceb40111887b320ff8bea3b82d7\" style=\"color:#7a7a7a\">Fuentes:<\/h2>\n\n\n\n<ul class=\"wp-block-list\">\n<li class=\"has-text-color has-link-color wp-elements-cfa86bac3326c95d881dd270ecfb4132\" style=\"color:#7a7a7a\"><strong>Trastorno afectivo estacional.&nbsp;<\/strong>Diciembre 2021:&nbsp;<a style=\"color: #005596; text-decoration: none;\" href=\"https:\/\/www.mayoclinic.org\/diseases-conditions\/seasonal-affective-disorder\/symptoms-causes\/syc-20364651\" target=\"_blank\" rel=\"noreferrer noopener\">https:\/\/www.mayoclinic.org\/diseases-conditions\/seasonal-affective-disorder\/symptoms-causes\/syc-20364651<\/a><\/li>\n\n\n\n<li class=\"has-text-color has-link-color wp-elements-215dfefdfd314d75d3bf8b7f0b4e80d5\" style=\"color:#7a7a7a\"><strong>Trastorno afectivo estacional&nbsp;<\/strong>por John Hopkins medicine. Octubre 2023:&nbsp;<a style=\"color: #005596; text-decoration: none;\" href=\"https:\/\/www.hopkinsmedicine.org\/health\/conditions-and-diseases\/seasonal-affective-disorder#:~:text=Seasonal%20affective%20disorder%2C%20or%20SAD,antidepressants%20can%20help%20treat%20SAD.\" target=\"_blank\" rel=\"noreferrer noopener\">https:\/\/www.hopkinsmedicine.org\/health\/conditions-and-diseases\/seasonal-affective-disorder#:~:text=Seasonal%20affective%20disorder%2C%20or%20SAD,antidepressants%20can%20help%20treat%20SAD.<\/a><\/li>\n\n\n\n<li class=\"has-text-color has-link-color wp-elements-21ea3ffe81692efa0fb97d466c5180c0\" style=\"color:#7a7a7a\"><strong>10 datos sobre el trastorno afectivo estacional,<\/strong>&nbsp;noviembre 2022:&nbsp;<a style=\"color: #005596; text-decoration: none;\" href=\"https:\/\/www.renown.org\/blog\/10-facts-about-seasonal-affective-disorderhttps:\/\/www.northpointseattle.com\/blog\/14-interesting-facts-seasonal-affective-disorder\/\" target=\"_blank\" rel=\"noreferrer noopener\">https:\/\/www.renown.org\/blog\/10-facts-about-seasonal-affective-disorderhttps:\/\/www.northpointseattle.com\/blog\/14-interesting-facts-seasonal-affective-disorder\/<\/a><\/li>\n<\/ul>\n\n\n\n<p>&nbsp;<\/p>","protected":false},"excerpt":{"rendered":"<p>Seasonal affective disorder, or&nbsp;SAD, is a type of depression that follows a seasonal pattern, typically occurring during the fall and winter months when daylight hours decrease. Also known as the \u201cwinter blues\u201d or \u201cwinter depression,\u201d SAD is characterized by a recurrent onset of depressive symptoms that remit in the spring and summer. While it is [&hellip;]<\/p>\n","protected":false},"author":1,"featured_media":1424,"comment_status":"open","ping_status":"closed","sticky":false,"template":"","format":"standard","meta":{"_acf_changed":false,"footnotes":""},"categories":[12],"tags":[],"class_list":["post-1421","post","type-post","status-publish","format-standard","has-post-thumbnail","hentry","category-medical-articles"],"acf":[],"yoast_head":"<!-- This site is optimized with the Yoast SEO plugin v27.5 - https:\/\/yoast.com\/product\/yoast-seo-wordpress\/ -->\n<title>Is it the holiday blues, or seasonal affective disorder? - Best Doctors Insurance<\/title>\n<meta name=\"robots\" content=\"index, follow, max-snippet:-1, max-image-preview:large, max-video-preview:-1\" \/>\n<link rel=\"canonical\" href=\"https:\/\/www.bestdoctorsinsurance.com\/es\/melancolia-de-fin-de-ano-o-trastorno-afectivo-estacional\/\" \/>\n<meta property=\"og:locale\" content=\"es_ES\" \/>\n<meta property=\"og:type\" content=\"article\" \/>\n<meta property=\"og:title\" content=\"Is it the holiday blues, or seasonal affective disorder? - Best Doctors Insurance\" \/>\n<meta property=\"og:description\" content=\"Seasonal affective disorder, or&nbsp;SAD, is a type of depression that follows a seasonal pattern, typically occurring during the fall and winter months when daylight hours decrease. Also known as the \u201cwinter blues\u201d or \u201cwinter depression,\u201d SAD is characterized by a recurrent onset of depressive symptoms that remit in the spring and summer. While it is [&hellip;]\" \/>\n<meta property=\"og:url\" content=\"https:\/\/www.bestdoctorsinsurance.com\/es\/melancolia-de-fin-de-ano-o-trastorno-afectivo-estacional\/\" \/>\n<meta property=\"og:site_name\" content=\"Best Doctors Insurance\" \/>\n<meta property=\"article:publisher\" content=\"https:\/\/www.facebook.com\/BestDoctorsInsuranceBDI\/\" \/>\n<meta property=\"article:published_time\" content=\"2023-12-18T18:53:07+00:00\" \/>\n<meta property=\"article:modified_time\" content=\"2026-04-23T23:24:20+00:00\" \/>\n<meta property=\"og:image\" content=\"https:\/\/www.bestdoctorsinsurance.com\/wp-content\/uploads\/2026\/03\/Tristeza-do-inverno-ou-transtorno-afetivo-sazonal-1.jpeg\" \/>\n\t<meta property=\"og:image:width\" content=\"900\" \/>\n\t<meta property=\"og:image:height\" content=\"600\" \/>\n\t<meta property=\"og:image:type\" content=\"image\/jpeg\" \/>\n<meta name=\"author\" content=\"admin\" \/>\n<meta name=\"twitter:card\" content=\"summary_large_image\" \/>\n<meta name=\"twitter:label1\" content=\"Escrito por\" \/>\n\t<meta name=\"twitter:data1\" content=\"admin\" \/>\n\t<meta name=\"twitter:label2\" content=\"Tiempo de lectura\" \/>\n\t<meta name=\"twitter:data2\" content=\"4 minutos\" \/>\n<script type=\"application\/ld+json\" class=\"yoast-schema-graph\">{\"@context\":\"https:\\\/\\\/schema.org\",\"@graph\":[{\"@type\":\"Article\",\"@id\":\"https:\\\/\\\/www.bestdoctorsinsurance.com\\\/is-it-the-holiday-blues-or-seasonal-affective-disorder\\\/#article\",\"isPartOf\":{\"@id\":\"https:\\\/\\\/www.bestdoctorsinsurance.com\\\/is-it-the-holiday-blues-or-seasonal-affective-disorder\\\/\"},\"author\":{\"name\":\"admin\",\"@id\":\"https:\\\/\\\/www.bestdoctorsinsurance.com\\\/#\\\/schema\\\/person\\\/7881d8e7f188f96e355bc83a58cc6d27\"},\"headline\":\"Is it the holiday blues, or seasonal affective disorder?\",\"datePublished\":\"2023-12-18T18:53:07+00:00\",\"dateModified\":\"2026-04-23T23:24:20+00:00\",\"mainEntityOfPage\":{\"@id\":\"https:\\\/\\\/www.bestdoctorsinsurance.com\\\/is-it-the-holiday-blues-or-seasonal-affective-disorder\\\/\"},\"wordCount\":816,\"commentCount\":0,\"publisher\":{\"@id\":\"https:\\\/\\\/www.bestdoctorsinsurance.com\\\/#organization\"},\"image\":{\"@id\":\"https:\\\/\\\/www.bestdoctorsinsurance.com\\\/is-it-the-holiday-blues-or-seasonal-affective-disorder\\\/#primaryimage\"},\"thumbnailUrl\":\"https:\\\/\\\/www.bestdoctorsinsurance.com\\\/wp-content\\\/uploads\\\/2026\\\/03\\\/Tristeza-do-inverno-ou-transtorno-afetivo-sazonal-1.jpeg\",\"articleSection\":[\"Medical articles\"],\"inLanguage\":\"es\",\"potentialAction\":[{\"@type\":\"CommentAction\",\"name\":\"Comment\",\"target\":[\"https:\\\/\\\/www.bestdoctorsinsurance.com\\\/is-it-the-holiday-blues-or-seasonal-affective-disorder\\\/#respond\"]}]},{\"@type\":\"WebPage\",\"@id\":\"https:\\\/\\\/www.bestdoctorsinsurance.com\\\/is-it-the-holiday-blues-or-seasonal-affective-disorder\\\/\",\"url\":\"https:\\\/\\\/www.bestdoctorsinsurance.com\\\/is-it-the-holiday-blues-or-seasonal-affective-disorder\\\/\",\"name\":\"Is it the holiday blues, or seasonal affective disorder? - Best Doctors Insurance\",\"isPartOf\":{\"@id\":\"https:\\\/\\\/www.bestdoctorsinsurance.com\\\/#website\"},\"primaryImageOfPage\":{\"@id\":\"https:\\\/\\\/www.bestdoctorsinsurance.com\\\/is-it-the-holiday-blues-or-seasonal-affective-disorder\\\/#primaryimage\"},\"image\":{\"@id\":\"https:\\\/\\\/www.bestdoctorsinsurance.com\\\/is-it-the-holiday-blues-or-seasonal-affective-disorder\\\/#primaryimage\"},\"thumbnailUrl\":\"https:\\\/\\\/www.bestdoctorsinsurance.com\\\/wp-content\\\/uploads\\\/2026\\\/03\\\/Tristeza-do-inverno-ou-transtorno-afetivo-sazonal-1.jpeg\",\"datePublished\":\"2023-12-18T18:53:07+00:00\",\"dateModified\":\"2026-04-23T23:24:20+00:00\",\"breadcrumb\":{\"@id\":\"https:\\\/\\\/www.bestdoctorsinsurance.com\\\/is-it-the-holiday-blues-or-seasonal-affective-disorder\\\/#breadcrumb\"},\"inLanguage\":\"es\",\"potentialAction\":[{\"@type\":\"ReadAction\",\"target\":[\"https:\\\/\\\/www.bestdoctorsinsurance.com\\\/is-it-the-holiday-blues-or-seasonal-affective-disorder\\\/\"]}]},{\"@type\":\"ImageObject\",\"inLanguage\":\"es\",\"@id\":\"https:\\\/\\\/www.bestdoctorsinsurance.com\\\/is-it-the-holiday-blues-or-seasonal-affective-disorder\\\/#primaryimage\",\"url\":\"https:\\\/\\\/www.bestdoctorsinsurance.com\\\/wp-content\\\/uploads\\\/2026\\\/03\\\/Tristeza-do-inverno-ou-transtorno-afetivo-sazonal-1.jpeg\",\"contentUrl\":\"https:\\\/\\\/www.bestdoctorsinsurance.com\\\/wp-content\\\/uploads\\\/2026\\\/03\\\/Tristeza-do-inverno-ou-transtorno-afetivo-sazonal-1.jpeg\",\"width\":900,\"height\":600},{\"@type\":\"BreadcrumbList\",\"@id\":\"https:\\\/\\\/www.bestdoctorsinsurance.com\\\/is-it-the-holiday-blues-or-seasonal-affective-disorder\\\/#breadcrumb\",\"itemListElement\":[{\"@type\":\"ListItem\",\"position\":1,\"name\":\"Home\",\"item\":\"https:\\\/\\\/www.bestdoctorsinsurance.com\\\/en\\\/\"},{\"@type\":\"ListItem\",\"position\":2,\"name\":\"Is it the holiday blues, or seasonal affective disorder?\"}]},{\"@type\":\"WebSite\",\"@id\":\"https:\\\/\\\/www.bestdoctorsinsurance.com\\\/#website\",\"url\":\"https:\\\/\\\/www.bestdoctorsinsurance.com\\\/\",\"name\":\"Best Doctors Insurance\",\"description\":\"\",\"publisher\":{\"@id\":\"https:\\\/\\\/www.bestdoctorsinsurance.com\\\/#organization\"},\"potentialAction\":[{\"@type\":\"SearchAction\",\"target\":{\"@type\":\"EntryPoint\",\"urlTemplate\":\"https:\\\/\\\/www.bestdoctorsinsurance.com\\\/?s={search_term_string}\"},\"query-input\":{\"@type\":\"PropertyValueSpecification\",\"valueRequired\":true,\"valueName\":\"search_term_string\"}}],\"inLanguage\":\"es\"},{\"@type\":\"Organization\",\"@id\":\"https:\\\/\\\/www.bestdoctorsinsurance.com\\\/#organization\",\"name\":\"Best Doctors Insurance\",\"url\":\"https:\\\/\\\/www.bestdoctorsinsurance.com\\\/\",\"logo\":{\"@type\":\"ImageObject\",\"inLanguage\":\"es\",\"@id\":\"https:\\\/\\\/www.bestdoctorsinsurance.com\\\/#\\\/schema\\\/logo\\\/image\\\/\",\"url\":\"https:\\\/\\\/www.bestdoctorsinsurance.com\\\/wp-content\\\/uploads\\\/2026\\\/02\\\/cropped-Logo.png\",\"contentUrl\":\"https:\\\/\\\/www.bestdoctorsinsurance.com\\\/wp-content\\\/uploads\\\/2026\\\/02\\\/cropped-Logo.png\",\"width\":420,\"height\":105,\"caption\":\"Best Doctors Insurance\"},\"image\":{\"@id\":\"https:\\\/\\\/www.bestdoctorsinsurance.com\\\/#\\\/schema\\\/logo\\\/image\\\/\"},\"sameAs\":[\"https:\\\/\\\/www.facebook.com\\\/BestDoctorsInsuranceBDI\\\/\",\"https:\\\/\\\/www.instagram.com\\\/bestdoctorsinsurance\\\/\",\"https:\\\/\\\/www.linkedin.com\\\/company\\\/best-doctors-insurance\\\/\",\"https:\\\/\\\/www.youtube.com\\\/@BestDoctorsInsuranceworldwide\"]},{\"@type\":\"Person\",\"@id\":\"https:\\\/\\\/www.bestdoctorsinsurance.com\\\/#\\\/schema\\\/person\\\/7881d8e7f188f96e355bc83a58cc6d27\",\"name\":\"admin\",\"image\":{\"@type\":\"ImageObject\",\"inLanguage\":\"es\",\"@id\":\"https:\\\/\\\/secure.gravatar.com\\\/avatar\\\/33e54dec0cd79fc4b5e911c15f836c46ec8d0e452ecd3ca5f707bce0a3540a3b?s=96&d=mm&r=g\",\"url\":\"https:\\\/\\\/secure.gravatar.com\\\/avatar\\\/33e54dec0cd79fc4b5e911c15f836c46ec8d0e452ecd3ca5f707bce0a3540a3b?s=96&d=mm&r=g\",\"contentUrl\":\"https:\\\/\\\/secure.gravatar.com\\\/avatar\\\/33e54dec0cd79fc4b5e911c15f836c46ec8d0e452ecd3ca5f707bce0a3540a3b?s=96&d=mm&r=g\",\"caption\":\"admin\"},\"sameAs\":[\"https:\\\/\\\/www.bestdoctorsinsurance.com\"],\"url\":\"https:\\\/\\\/www.bestdoctorsinsurance.com\\\/es\\\/author\\\/admin\\\/\"}]}<\/script>\n<!-- \/ Yoast SEO plugin. -->","yoast_head_json":{"title":"Is it the holiday blues, or seasonal affective disorder? - Best Doctors Insurance","robots":{"index":"index","follow":"follow","max-snippet":"max-snippet:-1","max-image-preview":"max-image-preview:large","max-video-preview":"max-video-preview:-1"},"canonical":"https:\/\/www.bestdoctorsinsurance.com\/es\/melancolia-de-fin-de-ano-o-trastorno-afectivo-estacional\/","og_locale":"es_ES","og_type":"article","og_title":"Is it the holiday blues, or seasonal affective disorder? - Best Doctors Insurance","og_description":"Seasonal affective disorder, or&nbsp;SAD, is a type of depression that follows a seasonal pattern, typically occurring during the fall and winter months when daylight hours decrease. Also known as the \u201cwinter blues\u201d or \u201cwinter depression,\u201d SAD is characterized by a recurrent onset of depressive symptoms that remit in the spring and summer. While it is [&hellip;]","og_url":"https:\/\/www.bestdoctorsinsurance.com\/es\/melancolia-de-fin-de-ano-o-trastorno-afectivo-estacional\/","og_site_name":"Best Doctors Insurance","article_publisher":"https:\/\/www.facebook.com\/BestDoctorsInsuranceBDI\/","article_published_time":"2023-12-18T18:53:07+00:00","article_modified_time":"2026-04-23T23:24:20+00:00","og_image":[{"width":900,"height":600,"url":"https:\/\/www.bestdoctorsinsurance.com\/wp-content\/uploads\/2026\/03\/Tristeza-do-inverno-ou-transtorno-afetivo-sazonal-1.jpeg","type":"image\/jpeg"}],"author":"admin","twitter_card":"summary_large_image","twitter_misc":{"Escrito por":"admin","Tiempo de lectura":"4 minutos"},"schema":{"@context":"https:\/\/schema.org","@graph":[{"@type":"Article","@id":"https:\/\/www.bestdoctorsinsurance.com\/is-it-the-holiday-blues-or-seasonal-affective-disorder\/#article","isPartOf":{"@id":"https:\/\/www.bestdoctorsinsurance.com\/is-it-the-holiday-blues-or-seasonal-affective-disorder\/"},"author":{"name":"admin","@id":"https:\/\/www.bestdoctorsinsurance.com\/#\/schema\/person\/7881d8e7f188f96e355bc83a58cc6d27"},"headline":"Is it the holiday blues, or seasonal affective disorder?","datePublished":"2023-12-18T18:53:07+00:00","dateModified":"2026-04-23T23:24:20+00:00","mainEntityOfPage":{"@id":"https:\/\/www.bestdoctorsinsurance.com\/is-it-the-holiday-blues-or-seasonal-affective-disorder\/"},"wordCount":816,"commentCount":0,"publisher":{"@id":"https:\/\/www.bestdoctorsinsurance.com\/#organization"},"image":{"@id":"https:\/\/www.bestdoctorsinsurance.com\/is-it-the-holiday-blues-or-seasonal-affective-disorder\/#primaryimage"},"thumbnailUrl":"https:\/\/www.bestdoctorsinsurance.com\/wp-content\/uploads\/2026\/03\/Tristeza-do-inverno-ou-transtorno-afetivo-sazonal-1.jpeg","articleSection":["Medical articles"],"inLanguage":"es","potentialAction":[{"@type":"CommentAction","name":"Comment","target":["https:\/\/www.bestdoctorsinsurance.com\/is-it-the-holiday-blues-or-seasonal-affective-disorder\/#respond"]}]},{"@type":"WebPage","@id":"https:\/\/www.bestdoctorsinsurance.com\/is-it-the-holiday-blues-or-seasonal-affective-disorder\/","url":"https:\/\/www.bestdoctorsinsurance.com\/is-it-the-holiday-blues-or-seasonal-affective-disorder\/","name":"Is it the holiday blues, or seasonal affective disorder? - Best Doctors Insurance","isPartOf":{"@id":"https:\/\/www.bestdoctorsinsurance.com\/#website"},"primaryImageOfPage":{"@id":"https:\/\/www.bestdoctorsinsurance.com\/is-it-the-holiday-blues-or-seasonal-affective-disorder\/#primaryimage"},"image":{"@id":"https:\/\/www.bestdoctorsinsurance.com\/is-it-the-holiday-blues-or-seasonal-affective-disorder\/#primaryimage"},"thumbnailUrl":"https:\/\/www.bestdoctorsinsurance.com\/wp-content\/uploads\/2026\/03\/Tristeza-do-inverno-ou-transtorno-afetivo-sazonal-1.jpeg","datePublished":"2023-12-18T18:53:07+00:00","dateModified":"2026-04-23T23:24:20+00:00","breadcrumb":{"@id":"https:\/\/www.bestdoctorsinsurance.com\/is-it-the-holiday-blues-or-seasonal-affective-disorder\/#breadcrumb"},"inLanguage":"es","potentialAction":[{"@type":"ReadAction","target":["https:\/\/www.bestdoctorsinsurance.com\/is-it-the-holiday-blues-or-seasonal-affective-disorder\/"]}]},{"@type":"ImageObject","inLanguage":"es","@id":"https:\/\/www.bestdoctorsinsurance.com\/is-it-the-holiday-blues-or-seasonal-affective-disorder\/#primaryimage","url":"https:\/\/www.bestdoctorsinsurance.com\/wp-content\/uploads\/2026\/03\/Tristeza-do-inverno-ou-transtorno-afetivo-sazonal-1.jpeg","contentUrl":"https:\/\/www.bestdoctorsinsurance.com\/wp-content\/uploads\/2026\/03\/Tristeza-do-inverno-ou-transtorno-afetivo-sazonal-1.jpeg","width":900,"height":600},{"@type":"BreadcrumbList","@id":"https:\/\/www.bestdoctorsinsurance.com\/is-it-the-holiday-blues-or-seasonal-affective-disorder\/#breadcrumb","itemListElement":[{"@type":"ListItem","position":1,"name":"Home","item":"https:\/\/www.bestdoctorsinsurance.com\/en\/"},{"@type":"ListItem","position":2,"name":"Is it the holiday blues, or seasonal affective disorder?"}]},{"@type":"WebSite","@id":"https:\/\/www.bestdoctorsinsurance.com\/#website","url":"https:\/\/www.bestdoctorsinsurance.com\/","name":"Best Doctors Insurance","description":"","publisher":{"@id":"https:\/\/www.bestdoctorsinsurance.com\/#organization"},"potentialAction":[{"@type":"SearchAction","target":{"@type":"EntryPoint","urlTemplate":"https:\/\/www.bestdoctorsinsurance.com\/?s={search_term_string}"},"query-input":{"@type":"PropertyValueSpecification","valueRequired":true,"valueName":"search_term_string"}}],"inLanguage":"es"},{"@type":"Organization","@id":"https:\/\/www.bestdoctorsinsurance.com\/#organization","name":"Best Doctors Insurance","url":"https:\/\/www.bestdoctorsinsurance.com\/","logo":{"@type":"ImageObject","inLanguage":"es","@id":"https:\/\/www.bestdoctorsinsurance.com\/#\/schema\/logo\/image\/","url":"https:\/\/www.bestdoctorsinsurance.com\/wp-content\/uploads\/2026\/02\/cropped-Logo.png","contentUrl":"https:\/\/www.bestdoctorsinsurance.com\/wp-content\/uploads\/2026\/02\/cropped-Logo.png","width":420,"height":105,"caption":"Best Doctors Insurance"},"image":{"@id":"https:\/\/www.bestdoctorsinsurance.com\/#\/schema\/logo\/image\/"},"sameAs":["https:\/\/www.facebook.com\/BestDoctorsInsuranceBDI\/","https:\/\/www.instagram.com\/bestdoctorsinsurance\/","https:\/\/www.linkedin.com\/company\/best-doctors-insurance\/","https:\/\/www.youtube.com\/@BestDoctorsInsuranceworldwide"]},{"@type":"Person","@id":"https:\/\/www.bestdoctorsinsurance.com\/#\/schema\/person\/7881d8e7f188f96e355bc83a58cc6d27","name":"admin","image":{"@type":"ImageObject","inLanguage":"es","@id":"https:\/\/secure.gravatar.com\/avatar\/33e54dec0cd79fc4b5e911c15f836c46ec8d0e452ecd3ca5f707bce0a3540a3b?s=96&d=mm&r=g","url":"https:\/\/secure.gravatar.com\/avatar\/33e54dec0cd79fc4b5e911c15f836c46ec8d0e452ecd3ca5f707bce0a3540a3b?s=96&d=mm&r=g","contentUrl":"https:\/\/secure.gravatar.com\/avatar\/33e54dec0cd79fc4b5e911c15f836c46ec8d0e452ecd3ca5f707bce0a3540a3b?s=96&d=mm&r=g","caption":"admin"},"sameAs":["https:\/\/www.bestdoctorsinsurance.com"],"url":"https:\/\/www.bestdoctorsinsurance.com\/es\/author\/admin\/"}]}},"_links":{"self":[{"href":"https:\/\/www.bestdoctorsinsurance.com\/es\/wp-json\/wp\/v2\/posts\/1421","targetHints":{"allow":["GET"]}}],"collection":[{"href":"https:\/\/www.bestdoctorsinsurance.com\/es\/wp-json\/wp\/v2\/posts"}],"about":[{"href":"https:\/\/www.bestdoctorsinsurance.com\/es\/wp-json\/wp\/v2\/types\/post"}],"author":[{"embeddable":true,"href":"https:\/\/www.bestdoctorsinsurance.com\/es\/wp-json\/wp\/v2\/users\/1"}],"replies":[{"embeddable":true,"href":"https:\/\/www.bestdoctorsinsurance.com\/es\/wp-json\/wp\/v2\/comments?post=1421"}],"version-history":[{"count":1,"href":"https:\/\/www.bestdoctorsinsurance.com\/es\/wp-json\/wp\/v2\/posts\/1421\/revisions"}],"predecessor-version":[{"id":6089,"href":"https:\/\/www.bestdoctorsinsurance.com\/es\/wp-json\/wp\/v2\/posts\/1421\/revisions\/6089"}],"wp:featuredmedia":[{"embeddable":true,"href":"https:\/\/www.bestdoctorsinsurance.com\/es\/wp-json\/wp\/v2\/media\/1424"}],"wp:attachment":[{"href":"https:\/\/www.bestdoctorsinsurance.com\/es\/wp-json\/wp\/v2\/media?parent=1421"}],"wp:term":[{"taxonomy":"category","embeddable":true,"href":"https:\/\/www.bestdoctorsinsurance.com\/es\/wp-json\/wp\/v2\/categories?post=1421"},{"taxonomy":"post_tag","embeddable":true,"href":"https:\/\/www.bestdoctorsinsurance.com\/es\/wp-json\/wp\/v2\/tags?post=1421"}],"curies":[{"name":"wp","href":"https:\/\/api.w.org\/{rel}","templated":true}]}}